{"id":972,"date":"2021-04-01T15:33:45","date_gmt":"2021-04-01T13:33:45","guid":{"rendered":"https:\/\/www.dsi-ois.ch\/?p=972"},"modified":"2025-03-04T23:45:04","modified_gmt":"2025-03-04T22:45:04","slug":"mitgliederversammlung-2021","status":"publish","type":"post","link":"https:\/\/www.dsi-ois.ch\/fr\/mitgliederversammlung-2021\/","title":{"rendered":"Assembl\u00e9e g\u00e9n\u00e9rale 2021"},"content":{"rendered":"\n[et_pb_section fb_built=&#187;1&#8243; _builder_version=&#187;3.22&#8243;][et_pb_row _builder_version=&#187;3.25&#8243; background_size=&#187;initial&#187; background_position=&#187;top_left&#187; background_repeat=&#187;repeat&#187;][et_pb_column type=&#187;4_4&#8243; _builder_version=&#187;3.25&#8243; custom_padding=&#187;|||&#187; custom_padding__hover=&#187;|||&#187;][et_pb_text _builder_version=&#187;4.5.6&#8243; background_size=&#187;initial&#187; background_position=&#187;top_left&#187; background_repeat=&#187;repeat&#187; hover_enabled=&#187;0&#8243; custom_padding=&#187;||0px|||&#187;]<p><span>Wir hatten Sie gebeten, den 1. April 2021 als Termin f\u00fcr die Mitgliederversammlung und die Er\u00f6ffnung der Ausstellung \u201cUnterbrochene Lebenswege\u201d zu reservieren. Aufgrund der instabilen Situation m\u00f6chten wir Sie jedoch dar\u00fcber informieren, dass die Mitgliederversammlung nicht pers\u00f6nlich, sondern\u00a0<\/span><strong>schriftlich<span>\u00a0<\/span><\/strong><span>abgehalten wird. Wir senden Ihnen die Unterlagen in Papierform zu, so dass Sie per Post abstimmen k\u00f6nnen. Im Hinblick auf die <a href=\"https:\/\/www.dsi-ois.ch\/wp-content\/uploads\/2020\/03\/DP_IE_070320_BIEL.pdf\">Ausstellung<\/a> und die Veranstaltungen, die wir zur Begleitung der Ausstellung geplant hatten, werden wir Ende Sommer oder Herbst 2021 eine \u00e4hnliche Veranstaltung vorschlagen.<\/span><\/p>\n[\/et_pb_text][\/et_pb_column][\/et_pb_row][\/et_pb_section]\n","protected":false},"excerpt":{"rendered":"<p>Wir hatten Sie gebeten, den 1. April 2021 als Termin f\u00fcr die Mitgliederversammlung und die Er\u00f6ffnung der Ausstellung \u201cUnterbrochene Lebenswege\u201d zu reservieren. Aufgrund der instabilen Situation m\u00f6chten wir Sie jedoch dar\u00fcber informieren, dass die Mitgliederversammlung nicht pers\u00f6nlich, sondern\u00a0schriftlich\u00a0abgehalten wird. Wir senden Ihnen die Unterlagen in Papierform zu, so dass Sie per Post abstimmen k\u00f6nnen. Im Hinblick auf die Ausstellung und die Veranstaltungen, die wir zur Begleitung der Ausstellung geplant hatten, werden wir Ende Sommer oder Herbst 2021 eine \u00e4hnliche Veranstaltung vorschlagen.<\/p>","protected":false},"author":5,"featured_media":5721,"comment_status":"closed","ping_status":"closed","sticky":false,"template":"","format":"standard","meta":{"_et_pb_use_builder":"on","_et_pb_old_content":"<!-- wp:list {\"ordered\":true} -->\n<ol><li>1. April 2021<\/li><\/ol>\n<!-- \/wp:list -->","_et_gb_content_width":"","footnotes":""},"categories":[15],"tags":[],"class_list":["post-972","post","type-post","status-publish","format-standard","has-post-thumbnail","hentry","category-versammlungen"],"_links":{"self":[{"href":"https:\/\/www.dsi-ois.ch\/fr\/wp-json\/wp\/v2\/posts\/972","targetHints":{"allow":["GET"]}}],"collection":[{"href":"https:\/\/www.dsi-ois.ch\/fr\/wp-json\/wp\/v2\/posts"}],"about":[{"href":"https:\/\/www.dsi-ois.ch\/fr\/wp-json\/wp\/v2\/types\/post"}],"author":[{"embeddable":true,"href":"https:\/\/www.dsi-ois.ch\/fr\/wp-json\/wp\/v2\/users\/5"}],"replies":[{"embeddable":true,"href":"https:\/\/www.dsi-ois.ch\/fr\/wp-json\/wp\/v2\/comments?post=972"}],"version-history":[{"count":1,"href":"https:\/\/www.dsi-ois.ch\/fr\/wp-json\/wp\/v2\/posts\/972\/revisions"}],"predecessor-version":[{"id":5724,"href":"https:\/\/www.dsi-ois.ch\/fr\/wp-json\/wp\/v2\/posts\/972\/revisions\/5724"}],"wp:featuredmedia":[{"embeddable":true,"href":"https:\/\/www.dsi-ois.ch\/fr\/wp-json\/wp\/v2\/media\/5721"}],"wp:attachment":[{"href":"https:\/\/www.dsi-ois.ch\/fr\/wp-json\/wp\/v2\/media?parent=972"}],"wp:term":[{"taxonomy":"category","embeddable":true,"href":"https:\/\/www.dsi-ois.ch\/fr\/wp-json\/wp\/v2\/categories?post=972"},{"taxonomy":"post_tag","embeddable":true,"href":"https:\/\/www.dsi-ois.ch\/fr\/wp-json\/wp\/v2\/tags?post=972"}],"curies":[{"name":"wp","href":"https:\/\/api.w.org\/{rel}","templated":true}]}}