{"id":859,"date":"2019-09-05T21:48:27","date_gmt":"2019-09-05T19:48:27","guid":{"rendered":"https:\/\/www.dsi-ois.ch\/?p=859"},"modified":"2024-10-05T22:12:59","modified_gmt":"2024-10-05T20:12:59","slug":"atelier-ensemble-2","status":"publish","type":"post","link":"https:\/\/www.dsi-ois.ch\/fr\/workshop-gemeinsam-ensemble-2\/","title":{"rendered":"Workshop Gemeinsam \/ Ensemble"},"content":{"rendered":"<p>La Direction du D\u00e9partement des affaires sociales recherche huit \u00e0 douze personnes dispos\u00e9es \u00e0 r\u00e9fl\u00e9chir et \u00e0 discuter de propositions utiles afin de g\u00e9rer l\u2019aide sociale au quotidien de fa\u00e7on autonome et comp\u00e9tente. Deux conditions : vous percevez l\u2019aide sociale \u00e0 Bienne et vous comprenez et parlez fran\u00e7ais ou allemand. <\/p>\n\n\n\n<p>Il ne s\u2019agit pas de politique cantonale ou de directives sur l\u2019aide sociale, ni de cas individuels sp\u00e9cifiques mais bien de coop\u00e9ration ici \u00e0 Bienne.\n<\/p>\n\n\n\n<p>Int\u00e9ress\u00e9(e) ? Alors <a href=\"\/staging\/wp-content\/uploads\/2019\/09\/Ensemble_Invitation_F.pdf\" target=\"_blank\" rel=\"noreferrer noopener\" aria-label=\"via Service social (s&#039;ouvre dans un nouvel onglet)\">inscrivez-vous<\/a> social ! <\/p>\n\n\n\n<p>Gr\u00e2ce \u00e0 vous, nous pouvons am\u00e9liorer l\u2019aide sociale en tant que service public!\n<\/p>","protected":false},"excerpt":{"rendered":"<p>Die Leitung der Sozialabteilung sucht acht bis zw\u00f6lf Betroffene, die bereit sind, am Thema \u00ab Hilfreiche Angebote, um den Sozialhilfe-Alltag selbstbestimmt und kompetent zu bew\u00e4ltigen \u00bb mitzudenken und mitzureden. Zwei Bedingungen: Sie beziehen Sozialhilfe in Biel und Sie verstehen und sprechen Deutsch oder Franz\u00f6sisch. Es geht nicht um kantonale Politik oder die Sozialhilfe- Richtlinien, auch [&hellip;]<\/p>\n","protected":false},"author":5,"featured_media":5938,"comment_status":"open","ping_status":"open","sticky":false,"template":"","format":"standard","meta":{"_et_pb_use_builder":"off","_et_pb_old_content":"","_et_gb_content_width":"","footnotes":""},"categories":[16],"tags":[],"class_list":["post-859","post","type-post","status-publish","format-standard","has-post-thumbnail","hentry","category-anlaesse"],"_links":{"self":[{"href":"https:\/\/www.dsi-ois.ch\/fr\/wp-json\/wp\/v2\/posts\/859","targetHints":{"allow":["GET"]}}],"collection":[{"href":"https:\/\/www.dsi-ois.ch\/fr\/wp-json\/wp\/v2\/posts"}],"about":[{"href":"https:\/\/www.dsi-ois.ch\/fr\/wp-json\/wp\/v2\/types\/post"}],"author":[{"embeddable":true,"href":"https:\/\/www.dsi-ois.ch\/fr\/wp-json\/wp\/v2\/users\/5"}],"replies":[{"embeddable":true,"href":"https:\/\/www.dsi-ois.ch\/fr\/wp-json\/wp\/v2\/comments?post=859"}],"version-history":[{"count":1,"href":"https:\/\/www.dsi-ois.ch\/fr\/wp-json\/wp\/v2\/posts\/859\/revisions"}],"predecessor-version":[{"id":5978,"href":"https:\/\/www.dsi-ois.ch\/fr\/wp-json\/wp\/v2\/posts\/859\/revisions\/5978"}],"wp:featuredmedia":[{"embeddable":true,"href":"https:\/\/www.dsi-ois.ch\/fr\/wp-json\/wp\/v2\/media\/5938"}],"wp:attachment":[{"href":"https:\/\/www.dsi-ois.ch\/fr\/wp-json\/wp\/v2\/media?parent=859"}],"wp:term":[{"taxonomy":"category","embeddable":true,"href":"https:\/\/www.dsi-ois.ch\/fr\/wp-json\/wp\/v2\/categories?post=859"},{"taxonomy":"post_tag","embeddable":true,"href":"https:\/\/www.dsi-ois.ch\/fr\/wp-json\/wp\/v2\/tags?post=859"}],"curies":[{"name":"wp","href":"https:\/\/api.w.org\/{rel}","templated":true}]}}