{"id":6010,"date":"2021-03-12T09:24:21","date_gmt":"2021-03-12T08:24:21","guid":{"rendered":"https:\/\/www.dsi-ois.ch\/staging\/?p=6010"},"modified":"2024-10-10T09:27:28","modified_gmt":"2024-10-10T07:27:28","slug":"offener-brief-zur-situation-des-einwohnerdienste-biel","status":"publish","type":"post","link":"https:\/\/www.dsi-ois.ch\/fr\/offener-brief-zur-situation-des-einwohnerdienste-biel\/","title":{"rendered":"Lettre ouverte sur la situation des Services des habitants de Biel\/Bienne"},"content":{"rendered":"<p class=\"translation-block\">Le groupe de travail \u00ab Strat\u00e9gie politique \u00bb du DSI \u2013 OIS s\u2019est r\u00e9uni pour la premi\u00e8re fois cette ann\u00e9e dans une nouvelle composition. Les r\u00e9actions des institutions, qui avaient d\u00e9j\u00e0 \u00e9t\u00e9 recueillies avant la pand\u00e9mie, ont \u00e9t\u00e9 discut\u00e9es. Il y avait plusieurs blocs th\u00e9matiques concernant les contrats de prestations du canton, la tendance g\u00e9n\u00e9rale au passage du public au priv\u00e9 et de nombreuses incertitudes concernant la nouvelle loi sur les \u00e9trangers et l\u2019int\u00e9gration. Un point important concernant la politique sociale locale est l\u2019organisation du service des habitants de la ville de Bienne. Plusieurs professionnel-le-s du travail social ainsi que de nombreux juristes ont d\u00e9j\u00e0 fait l\u2019exp\u00e9rience \u00e0 plusieurs reprises qu\u2019il y a tr\u00e8s souvent des retards importants dans l\u2019octroi des permis de s\u00e9jour. Aujourd\u2019hui, une initiative hors parti visant \u00e0 rem\u00e9dier \u00e0 cette situation a \u00e9t\u00e9 soumise au Conseil de ville de Bienne et une lettre ouverte a \u00e9galement \u00e9t\u00e9 \u00e9crite au Conseil municipal. <a href=\"https:\/\/www.dsi-ois.ch\/wp-content\/uploads\/2021\/03\/lettre-ouverte-OISJDB-1.pdf\" target=\"_self\" role=\"link\">Cette lettre ouverte<\/a> a \u00e9t\u00e9 r\u00e9dig\u00e9e en collaboration avec les Juristes D\u00e9mocrates bernois et le DSI.<\/p>\n\n\n\n<p><\/p>","protected":false},"excerpt":{"rendered":"<p>Die DSI Gruppe \u00abPolitische Strategie\u00bb hat sich in diesem Jahr zum ersten Mal in einer neuen Zusammensetzung getroffen. Dabei wurden die R\u00fcckmeldungen der Institutionen, die bereits vor der Pandemie eingeholt wurden, diskutiert. Es gab verschiedene Themenbl\u00f6cke zu den Leistungsvertr\u00e4gen des Kantons, der allgemeinen Tendenz der Verschiebung von \u00f6ffentlich zu privat und viele Unsicherheiten in Bezug [&hellip;]<\/p>\n","protected":false},"author":5,"featured_media":6011,"comment_status":"open","ping_status":"closed","sticky":false,"template":"","format":"standard","meta":{"_et_pb_use_builder":"off","_et_pb_old_content":"","_et_gb_content_width":"","footnotes":""},"categories":[93],"tags":[],"class_list":["post-6010","post","type-post","status-publish","format-standard","has-post-thumbnail","hentry","category-news"],"_links":{"self":[{"href":"https:\/\/www.dsi-ois.ch\/fr\/wp-json\/wp\/v2\/posts\/6010","targetHints":{"allow":["GET"]}}],"collection":[{"href":"https:\/\/www.dsi-ois.ch\/fr\/wp-json\/wp\/v2\/posts"}],"about":[{"href":"https:\/\/www.dsi-ois.ch\/fr\/wp-json\/wp\/v2\/types\/post"}],"author":[{"embeddable":true,"href":"https:\/\/www.dsi-ois.ch\/fr\/wp-json\/wp\/v2\/users\/5"}],"replies":[{"embeddable":true,"href":"https:\/\/www.dsi-ois.ch\/fr\/wp-json\/wp\/v2\/comments?post=6010"}],"version-history":[{"count":3,"href":"https:\/\/www.dsi-ois.ch\/fr\/wp-json\/wp\/v2\/posts\/6010\/revisions"}],"predecessor-version":[{"id":6015,"href":"https:\/\/www.dsi-ois.ch\/fr\/wp-json\/wp\/v2\/posts\/6010\/revisions\/6015"}],"wp:featuredmedia":[{"embeddable":true,"href":"https:\/\/www.dsi-ois.ch\/fr\/wp-json\/wp\/v2\/media\/6011"}],"wp:attachment":[{"href":"https:\/\/www.dsi-ois.ch\/fr\/wp-json\/wp\/v2\/media?parent=6010"}],"wp:term":[{"taxonomy":"category","embeddable":true,"href":"https:\/\/www.dsi-ois.ch\/fr\/wp-json\/wp\/v2\/categories?post=6010"},{"taxonomy":"post_tag","embeddable":true,"href":"https:\/\/www.dsi-ois.ch\/fr\/wp-json\/wp\/v2\/tags?post=6010"}],"curies":[{"name":"wp","href":"https:\/\/api.w.org\/{rel}","templated":true}]}}