{"id":204,"date":"2018-12-12T16:01:05","date_gmt":"2018-12-12T15:01:05","guid":{"rendered":"http:\/\/www.dsi-ois.ch\/wp_dsi\/?p=204"},"modified":"2024-10-05T21:49:20","modified_gmt":"2024-10-05T19:49:20","slug":"une-nouvelle-occasion","status":"publish","type":"post","link":"https:\/\/www.dsi-ois.ch\/fr\/ein-neuer-anlass\/","title":{"rendered":"Journ\u00e9es en octobre 2018"},"content":{"rendered":"<h2 class=\"wp-block-heading\"><\/h2>\n\n\n<p>En 2018, DSI a soutenu deux \u00e9v\u00e8nements dans le cadre de la Journ\u00e9e mondiale de la sant\u00e9 mentale.<\/p>\n<p>Le 10 octobre 2018 a eu lieu \u00e0 Bienne l\u2019\u00e9v\u00e9nement d\u2019ouverture des \u00ab Berne Mental Health Action Days \u00bb \u2013 cette fois sur le th\u00e8me de la maladie mentale dans les syst\u00e8mes familiaux.  En pr\u00e9lude, les experts r\u00e9unis ont pu visionner le court m\u00e9trage \u00ab destiny \u00bb de Wendy Pillonel.<\/p>\n<p>Le deuxi\u00e8me \u00e9v\u00e9nement a eu lieu le 27.10.2018 \u2013 le congr\u00e8s de KPBE-EPPPPP.CH (Children of Psychologically Stressed Parents) a eu lieu avec succ\u00e8s. Jean-Claude M\u00e9traux, ethno-psychiatre vaudois, par exemple, a tenu en haleine la foule nombreuse (plus de 300 personnes) du Palais des Congr\u00e8s de Bienne dans une ambiance spontan\u00e9e et d\u00e9tendue.<\/p>\n<p>Le th\u00e8me de la conf\u00e9rence a \u00e9t\u00e9 enrichi par de nombreuses conf\u00e9rences, des ateliers et une table ronde (podium). Le DSI-OIS a eu l\u2019occasion de se pr\u00e9senter et de pr\u00e9senter l\u2019association ainsi que ses pr\u00e9occupations.<\/p>","protected":false},"excerpt":{"rendered":"<p>Im 2018 hat der DSI zwei Veranstaltungen im Rahmen des Welttages der psychischen Gesundheit unterst\u00fctzt. Am 10. Oktober 2018 hat in Biel die Er\u00f6ffnungsveranstaltung zu den \u00abBerner Aktionstagen psychische Gesundheit\u00bb stattgefunden \u2013 diesmal rund um das Thema Psychische Krankheit innerhalb der Familiensysteme.\u00a0 Zum Auftakt wurde den versammelten Fachleuten der Kurzfilm \u00abdestiny\u00bb von Wendy Pillonel gezeigt. [&hellip;]<\/p>\n","protected":false},"author":5,"featured_media":5720,"comment_status":"closed","ping_status":"closed","sticky":false,"template":"","format":"standard","meta":{"_et_pb_use_builder":"","_et_pb_old_content":"","_et_gb_content_width":"","footnotes":""},"categories":[16],"tags":[],"class_list":["post-204","post","type-post","status-publish","format-standard","has-post-thumbnail","hentry","category-anlaesse"],"_links":{"self":[{"href":"https:\/\/www.dsi-ois.ch\/fr\/wp-json\/wp\/v2\/posts\/204","targetHints":{"allow":["GET"]}}],"collection":[{"href":"https:\/\/www.dsi-ois.ch\/fr\/wp-json\/wp\/v2\/posts"}],"about":[{"href":"https:\/\/www.dsi-ois.ch\/fr\/wp-json\/wp\/v2\/types\/post"}],"author":[{"embeddable":true,"href":"https:\/\/www.dsi-ois.ch\/fr\/wp-json\/wp\/v2\/users\/5"}],"replies":[{"embeddable":true,"href":"https:\/\/www.dsi-ois.ch\/fr\/wp-json\/wp\/v2\/comments?post=204"}],"version-history":[{"count":1,"href":"https:\/\/www.dsi-ois.ch\/fr\/wp-json\/wp\/v2\/posts\/204\/revisions"}],"predecessor-version":[{"id":5974,"href":"https:\/\/www.dsi-ois.ch\/fr\/wp-json\/wp\/v2\/posts\/204\/revisions\/5974"}],"wp:featuredmedia":[{"embeddable":true,"href":"https:\/\/www.dsi-ois.ch\/fr\/wp-json\/wp\/v2\/media\/5720"}],"wp:attachment":[{"href":"https:\/\/www.dsi-ois.ch\/fr\/wp-json\/wp\/v2\/media?parent=204"}],"wp:term":[{"taxonomy":"category","embeddable":true,"href":"https:\/\/www.dsi-ois.ch\/fr\/wp-json\/wp\/v2\/categories?post=204"},{"taxonomy":"post_tag","embeddable":true,"href":"https:\/\/www.dsi-ois.ch\/fr\/wp-json\/wp\/v2\/tags?post=204"}],"curies":[{"name":"wp","href":"https:\/\/api.w.org\/{rel}","templated":true}]}}